{"id":330,"date":"2013-08-27T11:05:01","date_gmt":"2013-08-27T16:05:01","guid":{"rendered":"http:\/\/sergiob.org\/wordpress\/?p=330"},"modified":"2013-08-27T11:05:01","modified_gmt":"2013-08-27T16:05:01","slug":"porque-es-importante-saber-de-la-politica","status":"publish","type":"post","link":"https:\/\/blog.sergiob.org\/?p=330","title":{"rendered":"\u00bfPorqu\u00e9 es importante saber de &#8216;la pol\u00edtica&#8217;?"},"content":{"rendered":"<p>Hace un par de a\u00f1os me dec\u00eda un buen amigo que era importante que yo le hiciera caso a &#8220;esas cosas de la pol\u00edtica&#8221; que, por admisi\u00f3n propia, no me interesaban. Lo ve\u00eda como un desperdicio: ten\u00eda cosas m\u00e1s importantes que hacer. La escuela, el trabajo, la novia, el americano&#8230; &#8220;\u00bfA m\u00ed que me importa? Nada m\u00e1s pierden el tiempo y cuando algo no les parece, paran el tr\u00e1fico y molestan a la gente.&#8221;<\/p>\n<p>Mis amigos me comentan que, en este respecto, he cambiado pr\u00e1cticamente 180 grados en muy poco tiempo. Nadie se lo explica, y a la mayor\u00eda le incomoda; dicen que me he vuelto muy &#8220;grillero&#8221;, o que siempre ando &#8220;con lo mismo&#8221;, y que este tipo de conversaci\u00f3n cansa y deber\u00eda dejarla, mejor, para &#8220;otro momento&#8221;. Independientemente de que ese &#8216;otro momento&#8217; parece estar agendado para un 29 de Febrero (no &#8220;nunca&#8221;, pero ciertamente muy lejos y en periodicidad alargada), me da curiosidad la reticencia que antes observaba casi religiosamente en m\u00ed mismo. Me he puesto a pensar en las razones que tiene uno para alejarse del tema, y porqu\u00e9 es importante evitar este alejamiento.<\/p>\n<p>Primero, la ra\u00edz del problema. Cuando hablamos de &#8220;la pol\u00edtica&#8221;, nosotros los mexicanos tenemos usualmente un cuadro mental muy definido: si no est\u00e1s &#8220;metido en el negocio&#8221; (i.e. eres ya un pol\u00edtico profesional), entonces seguramente eres un &#8220;palero&#8221;, &#8220;grillero&#8221;, &#8220;agitador&#8221;, o &#8220;borrego&#8221;. Cada uno tiene su significado muy especial, y no ahondar\u00e9 en el tema porque casi todos conocemos estas palabras. En resumen: no tienes algo mejor que hacer. Te empecinas en &#8220;hacer borlote&#8221;, o te gusta &#8220;ir a la bulla&#8221;, en vez de hacer &#8220;algo productivo&#8221; &#8211; o, como le encanta decir a la gente, &#8220;ponerte a trabajar&#8221;. Las razones de esto, creo yo, se pueden rastrear a c\u00f3mo la mayor\u00eda de las personas percibimos &#8220;la pol\u00edtica&#8221; por primera vez.<\/p>\n<p>En la escuela, nos ense\u00f1an los conceptos de democracia, igualdad y participaci\u00f3n desde muy j\u00f3venes &#8211; al menos seg\u00fan dicen <a href=\"http:\/\/sergiob.org\/primer_grado.pdf\">los<\/a> <a href=\"http:\/\/sergiob.org\/segundo_grado.pdf\">programas<\/a> <a href=\"http:\/\/sergiob.org\/tercer_grado.pdf\">oficiales<\/a> <a href=\"http:\/\/sergiob.org\/cuarto_grado.pdf\">de<\/a> <a href=\"http:\/\/sergiob.org\/quinto_grado.pdf\">la<\/a> <a href=\"http:\/\/sergiob.org\/sexto_grado.pdf\">SEP<\/a>. Sin embargo, \u00bfcu\u00e1nta igualdad se demuestra en los salones de clase? \u00bfCu\u00e1nta participaci\u00f3n se fomenta? Yo recuerdo muy bien los abucheos y minimizaciones de los alumnos considerados como &#8220;los m\u00e1s mensos&#8221;, as\u00ed como la glorificaci\u00f3n de &#8220;Nuestra Se\u00f1ora Directora&#8221;, etc. En ese respecto, \u00bfcon qu\u00e9 tipo de educaci\u00f3n pol\u00edtica creen que se forman los ni\u00f1os y ni\u00f1as? Y ni hablar de nuestras casas: cuando hablamos de &#8220;la pol\u00edtica&#8221; real, la de &#8220;los adultos&#8221;, los comentarios suelen ser derogatorios &#8211; orientados a &#8220;son una bola de corruptos&#8221;, sentimiento que no es actualmente errado &#8211; o peor a\u00fan, minimizadores: &#8220;pues s\u00ed, as\u00ed son las cosas&#8230; ni modo&#8221;.<\/p>\n<p>\u00bfY qu\u00e9 pasa cuando salimos al mundo? La extensi\u00f3n de la &#8220;cultura pol\u00edtica&#8221; en el mundo de los adultos parece resumirse en los spots del IFE para promover el voto: desde su formaci\u00f3n, hemos pasado del 67%, al 63%, al 59% y al 64% en las elecciones presidenciales. El abstencionismo electoral es un problema tremebundo, primordialmente fundamentado en el hecho de que las elecciones mexicanas parecen ser in\u00fatiles (un hecho, a su vez, primordialmente fundamentado porque tenemos un sistema de mayor\u00eda proporcional &#8211; algo que conviene discutir a detalle en su propio post, despu\u00e9s). Esto puede ser comprobado f\u00e1cilmente con cifras del crecimiento econ\u00f3mico &#8211; otro tema que tambi\u00e9n, insisto, merece su propio post &#8211; pero para la vasta mayor\u00eda de la gente la evidencia num\u00e9rica es redundante. En su mayor\u00eda, el ciudadano mexicano est\u00e1 tan jod&#8211; ahem, tan amolado &#8211; como lo ha estado siempre.<\/p>\n<p>Esta inercia socioecon\u00f3mica, por ponerle alg\u00fan t\u00e9rmino rimbombante, codifica en nuestras mentes que eso de &#8220;la pol\u00edtica&#8221; es una inutilidad. \u00bfQu\u00e9 caso tiene &#8220;ir al borlote&#8221; (ll\u00e1mese este una marcha, elecci\u00f3n, o incluso una discusi\u00f3n amistosa) <em>si nada va a cambiar<\/em>? La inercia, aparentemente, genera m\u00e1s inercia.<\/p>\n<p>Por otro lado est\u00e1 la parte de corrupci\u00f3n de nuestros representantes. La vasta mayor\u00eda de los mexicanos aceptamos como un <em>fact of life<\/em> que los pol\u00edticos son corruptos, aunque esta sea una idea nebulosa que no necesariamente est\u00e1 fundamentada en evidencia. Es un &#8220;feeling&#8221;. Una de esas cosas que &#8220;se saben&#8221;. Lo escalofriante es lo certero que es este sentimiento. La evidencia es vasta y diversa: los representantes plurinominales (donde el problema no es tanto <a href=\"http:\/\/www.adnpolitico.com\/opinion\/2012\/09\/20\/opinion-en-defensa-de-los-pluris\">el concepto<\/a>, sino <a href=\"http:\/\/www.proceso.com.mx\/?p=300065\">la implementaci\u00f3n<\/a>), el <a href=\"https:\/\/www.google.com.mx\/url?sa=t&#038;rct=j&#038;q=&#038;esrc=s&#038;source=web&#038;cd=1&#038;cad=rja&#038;ved=0CCcQFjAA&#038;url=http%3A%2F%2Faristeguinoticias.com%2F2706%2Fmexico%2Fabogado-denunciara-a-tres-ex-gobernadores-por-fraude%2F&#038;ei=QsgcUpKBNuPw2QXlsYHYAg&#038;usg=AFQjCNEVPhPJFOXhdZjq23oUlw_DWlLjug&#038;sig2=oDoIbOHVMN2cPmSkt2inQA&#038;bvm=bv.51156542,d.b2I\">maluso<\/a> <a href=\"http:\/\/www.sopitas.com\/site\/127889-la-triste-historia-de-la-deuda-de-coahuila\/\">de<\/a> <a href=\"http:\/\/www.proceso.com.mx\/?p=339658\">recursos<\/a> <a href=\"http:\/\/www.noticierofiscal.com\/index.php\/categorias\/fraude-fiscal\/1448-destapan-red-de-saqueo-de-andres-granier-en-tabasco\">p\u00fablicos<\/a>, <a href=\"http:\/\/www.sdpnoticias.com\/nacional\/2011\/02\/21\/con-6-mil-pesos-alcanza-para-pagar-casa-coche-y-escuela-privada-cordero\">el<\/a> <a href=\"http:\/\/mediosenmexico.blogspot.mx\/2010\/12\/critica-raul-vera-cinismo-del-gobierno.html\">descarado<\/a> <a href=\"http:\/\/www.imagen.com.mx\/granier-niega-enriquecimiento-ilicito-lleva-mas-de-nueve-horas-en-la-seido\">cinismo<\/a> (o tal vez indiferencia) de &#8220;las autoridades&#8221; ante el sufrimiento del pueblo&#8230; aunque esto, debo reconocerlo, no es ajeno de la poblaci\u00f3n en general. Al ciudadano promedio de Ciudad Ju\u00e1rez poco le importa el &#8220;indio&#8221; tarahumara de su propio estado; mucho menos a un &#8220;God\u00ednez&#8221; cualquiera del DF.<\/p>\n<p>Despu\u00e9s de alienar a la mitad de los lectores (o causar una explosi\u00f3n de pesta\u00f1as con tanto link), creo que quedan claras las razones de este desentendimiento general del tema. M\u00e1s al punto: \u00bfPorqu\u00e9 es importante &#8220;meterse&#8221; en el asunto?<\/p>\n<p>Y que conste, no hablamos de lanzarse por un puesto de elecci\u00f3n popular, aunque no es cosa del otro mundo. El punto es: \u00bfen qu\u00e9 nos beneficia una participaci\u00f3n m\u00e1s activa en los temas del ramo pol\u00edtico? La respuesta es sencilla: porque el valiente vive hasta que el cobarde quiere. \u00bfPorqu\u00e9 tenemos pol\u00edticos tan corruptos y tan c\u00ednicos? F\u00e1cil: porque los dejamos. \u00bfPorqu\u00e9 se derrochan cantidades tan obscenas de dinero en banalidades, una y otra vez? Porque han aprendido que poco se les cuestiona. \u00bfC\u00f3mo logran pasar leyes y reformas tan terribles (escoge aqu\u00ed tu ejemplo)? Porque nadie protesta, porque los seguimos votando (o dejamos que los voten) en sus puestos. En resumen: porque no participamos.<\/p>\n<p>Dice Fernando Savater (<a href=\"https:\/\/lastresyuncuarto.wordpress.com\/2010\/10\/18\/reciclaje-de-pillos\/\">via<\/a> Denise Dresser) que &#8220;El ciudadano favorito de las autoridades es el idiota&#8221; y habla con una boca llena de raz\u00f3n, como dijera mi madre. As\u00ed nos quieren: idiotas. Desinformados. Ap\u00e1ticos. \u00bfYa estuvo bueno, no?<\/p>\n<p>Hay muchas maneras de participar: ir a marchas, s\u00ed, pero tambi\u00e9n fomentar la discusi\u00f3n de estos temas en los hogares y con los amigos, el tomar el voto como una responsabilidad c\u00edvica, y no como una molestia o algo que &#8220;a m\u00ed no me toca&#8221;. Recordar que no son &#8220;las autoridades&#8221; aquellos que se encumbran en su &#8220;poder&#8221;, son servidores p\u00fablicos, representantes de la voluntad popular. Estudiar bien estas palabras: servidor no es derogatorio, y la voluntad popular no significa que todo tenga que ser un refer\u00e9ndum. Recordar lo que (supuestamente) ense\u00f1an desde la primaria: que todas estas cosas son nuestro derecho, y m\u00e1s a\u00fan, nuestra obligaci\u00f3n como ciudadanos.<\/p>\n<p>S\u00ed, dije obligaci\u00f3n. No porque no seamos habitantes de la Sierra quiere decir que el destino de los que s\u00ed lo son nos es ajeno. Todo nos afecta: as\u00ed funciona nuestra econom\u00eda, y nuestra sociedad. Si mi hijo o hija atienda una escuela particular no me exime de las particularidades de la reforma educativa. Si yo ando en bicicleta, no significa que no me afectan los resultados de la reforma energ\u00e9tica. Y s\u00ed, hay mejores expertos que yo en el tema; pero eso no quiere decir que no pueda aprender m\u00e1s, entender mejor el tema, y opinar acordemente. La postura de <em>&#8220;I got mine&#8221;<\/em> (algo as\u00ed como &#8220;yo ya tengo mi trabajo\/casa\/familia\/salario, \u00bfa m\u00ed que me importa?) \u00fanicamente lleva a que, eventualmente, dejes de tenerlo.<\/p>\n<p>De otra manera, estamos condenados a m\u00e1s de lo mismo.<\/p>\n","protected":false},"excerpt":{"rendered":"<p>Hace un par de a\u00f1os me dec\u00eda un buen amigo que era importante que yo le hiciera caso a &#8220;esas cosas de la pol\u00edtica&#8221; que, por admisi\u00f3n propia, no me interesaban. Lo ve\u00eda como un desperdicio: ten\u00eda cosas m\u00e1s importantes que hacer. La escuela, el trabajo, la novia, el americano&#8230; &#8220;\u00bfA m\u00ed que me importa? &hellip; <a href=\"https:\/\/blog.sergiob.org\/?p=330\" class=\"more-link\">Continue reading<span class=\"screen-reader-text\"> &#8220;\u00bfPorqu\u00e9 es importante saber de &#8216;la pol\u00edtica&#8217;?&#8221;<\/span><\/a><\/p>\n","protected":false},"author":1,"featured_media":0,"comment_status":"open","ping_status":"open","sticky":false,"template":"","format":"standard","meta":{"footnotes":""},"categories":[17,26],"tags":[71,84,92,127],"class_list":["post-330","post","type-post","status-publish","format-standard","hentry","category-politica","category-vida","tag-ilusion","tag-locura","tag-miles-miles-de-comillas","tag-varios-dias-de-composicion"],"_links":{"self":[{"href":"https:\/\/blog.sergiob.org\/index.php?rest_route=\/wp\/v2\/posts\/330","targetHints":{"allow":["GET"]}}],"collection":[{"href":"https:\/\/blog.sergiob.org\/index.php?rest_route=\/wp\/v2\/posts"}],"about":[{"href":"https:\/\/blog.sergiob.org\/index.php?rest_route=\/wp\/v2\/types\/post"}],"author":[{"embeddable":true,"href":"https:\/\/blog.sergiob.org\/index.php?rest_route=\/wp\/v2\/users\/1"}],"replies":[{"embeddable":true,"href":"https:\/\/blog.sergiob.org\/index.php?rest_route=%2Fwp%2Fv2%2Fcomments&post=330"}],"version-history":[{"count":0,"href":"https:\/\/blog.sergiob.org\/index.php?rest_route=\/wp\/v2\/posts\/330\/revisions"}],"wp:attachment":[{"href":"https:\/\/blog.sergiob.org\/index.php?rest_route=%2Fwp%2Fv2%2Fmedia&parent=330"}],"wp:term":[{"taxonomy":"category","embeddable":true,"href":"https:\/\/blog.sergiob.org\/index.php?rest_route=%2Fwp%2Fv2%2Fcategories&post=330"},{"taxonomy":"post_tag","embeddable":true,"href":"https:\/\/blog.sergiob.org\/index.php?rest_route=%2Fwp%2Fv2%2Ftags&post=330"}],"curies":[{"name":"wp","href":"https:\/\/api.w.org\/{rel}","templated":true}]}}